{"id":426,"date":"2024-05-07T16:31:55","date_gmt":"2024-05-07T14:31:55","guid":{"rendered":"https:\/\/torrefuerte.edu.py\/?p=426"},"modified":"2024-05-07T16:31:56","modified_gmt":"2024-05-07T14:31:56","slug":"una-experiencia-para-repetir","status":"publish","type":"post","link":"https:\/\/torrefuerte.edu.py\/index.php\/2024\/05\/07\/una-experiencia-para-repetir\/","title":{"rendered":"Una experiencia para repetir"},"content":{"rendered":"\n<p><\/p>\n\n\n\n<p>Recientemente se llev\u00f3 a cabo la prueba de validaci\u00f3n de la Olimpiada Kanguro, ocasi\u00f3n en que el colegio Torrefuerte tuvo a sus representantes. Ellos fueron:<\/p>\n\n\n\n<p><strong><u>Categor\u00eda Escolar<\/u><\/strong><\/p>\n\n\n\n<p>&#8211; Mateo Benjam\u00edn Menc\u00eda Dom\u00ednguez<\/p>\n\n\n\n<p>&#8211; Felipe Joaqu\u00edn Genes Vallejos<\/p>\n\n\n\n<p>&#8211; Felippe Henrique Savietto<\/p>\n\n\n\n<p>&#8211; M\u00e1ximo Javier Mart\u00ednez B\u00e1ez<\/p>\n\n\n\n<p>&#8211; Juan Mateo Oxilia Vega<\/p>\n\n\n\n<p>&#8211; Francesco Valenzano Bejarano<\/p>\n\n\n\n<p><strong><u>Categor\u00eda Benjam\u00edn<\/u><\/strong><\/p>\n\n\n\n<p>&#8211; Guillermo Andr\u00e9s Rojas Basualdo<\/p>\n\n\n\n<p>&#8211; Juan Mauricio Genes Vallejos<\/p>\n\n\n\n<p>&#8211; Joaqu\u00edn Emmanuel Menc\u00eda Dom\u00ednguez<\/p>\n\n\n\n<p>&#8211; Franco Jos\u00e9 Mendieta Ben\u00edtez<\/p>\n\n\n\n<p><strong><u>Categor\u00eda Cadete<\/u><\/strong><\/p>\n\n\n\n<p>&#8211; Miguel \u00c1ngel Ben\u00edtez Mereles<\/p>\n\n\n\n<p>&#8211; Pedro Pablo Lucas Adorno<\/p>\n\n\n\n<p><strong><u>Categor\u00eda Junior<\/u><\/strong><\/p>\n\n\n\n<p>&#8211; C\u00e9sar Agust\u00edn Soutto Alfonso<\/p>\n\n\n\n<p>&#8211; Alejandro Almaraz<\/p>\n\n\n\n<p>En el Colegio, los chicos se juntaron para rememorar la experiencia, y algunos de ellos se animaron a comentar lo que esta competencia signific\u00f3. <em>\u201cLa experiencia para m\u00ed fue como cualquier examen del profesor, pero sobre todo me gust\u00f3 mucho representar al Colegio\u201d, <\/em>dice Mateo Benjam\u00edn Menc\u00eda. Por su parte, Felipe Henrique Savietto sinti\u00f3 como si estuviera en una prueba con su profesor. <em>\u201cSe sinti\u00f3 normal, me gust\u00f3, era como si estuviera haciendo mi tarea de matem\u00e1tica\u201d, <\/em>comenta.<\/p>\n\n\n\n<p>Algunos chicos sintieron un poco de angustia, que luego fue pasando, como en el caso de Joaqu\u00edn Menc\u00eda. <em>\u201cEstaba nervioso sobre todo al comienzo, pero despu\u00e9s nos dio bien el tiempo (del examen), y me sent\u00ed contento por completar todo\u201d, <\/em>refiere. <em>&nbsp;\u201cA m\u00ed me gusta mucho las matem\u00e1ticas, no me resulta dif\u00edcil, es entender el proceso de los ejercicios, eso hace que pienses mejor\u201d, <\/em>agrega el alumno Pedro Pablo Lucas Adorno.<\/p>\n\n\n\n<p>En el caso del joven Miguel Ben\u00edtez, expresa que tambi\u00e9n le gustan mucho las matem\u00e1ticas. <em>\u201cSiempre me result\u00f3 f\u00e1cil, es solo atender, aprender y aplicar lo que aprendiste\u201d. <\/em>Por su parte, Juan Mateo Oxilia dice que le gustan mucho (las matem\u00e1ticas) y que no le resulta muy dif\u00edcil. <em>\u201cMe gusta, adem\u00e1s que me divierten mucho las matem\u00e1ticas\u201d, <\/em>subraya con mucho entusiasmo.<\/p>\n\n\n\n<p>Sobre si quieren seguir compitiendo, la mayor\u00eda de los chicos afirman que s\u00ed, porque son experiencias muy enriquecedoras. <em>\u201cDan gusto las competencias, porque te permiten seguir aprendiendo y, sobre todo, da mucho gusto representar al Colegio\u201d, <\/em>se\u00f1ala Cesar Agust\u00edn Soutto. <em>\u201cYo quiero seguir aprendiendo porque me hace sentir importante\u201d, <\/em>menciona Joaqu\u00edn Menc\u00eda.<\/p>\n\n\n\n<p><strong><em>Crean sus propios procesos mentales<\/em><\/strong><\/p>\n\n\n\n<p>El coordinador de matem\u00e1ticas del Colegio, profesor Roberto Ortega, quien acompa\u00f1\u00f3 a los chicos, tambi\u00e9n dej\u00f3 sus impresiones y coment\u00f3 que este tipo de eventos no tienen correspondencia explicita con el contenido que ellos est\u00e1n dando en su respectivo a\u00f1o. <em>\u201cNo tienen que contestar algo con un procedimiento que les haya dado el profesor en clases, sino que ellos tienen que inventarse sus propios procedimientos mentales\u201d, <\/em>se\u00f1ala el docente.<\/p>\n\n\n\n<p>Desde el Colegio, nos dice, se pretende que los chicos participen de estas actividades extras, ya que les propone ejercicios que no se encuentran en los libros. <em>\u201cSon ejercicios de problemas o situaciones que aparecen en la vida cotidiana, que los podemos encontrar en cualquier contexto, tambi\u00e9n queremos que est\u00e9n preparados en ese sentido\u201d, <\/em>refiere, a la vez de agradecer a todos los profesores de grado y de matem\u00e1ticas de la Instituci\u00f3n; Richard Cristaldo (4to. grado), David Ch\u00e1vez (3er. grado), Luis Aguilar (5to. grado), Tomas Mart\u00ednez (6to, 7mo., 8vo. y 9no.) y Edgar Elizeche (secundaria) por impulsar esta pr\u00e1ctica y apoyar a los alumnos.<\/p>\n\n\n\n<p><\/p>\n\n\n<div class=\"wp-block-image\">\n<figure class=\"aligncenter size-large is-resized\"><img loading=\"lazy\" decoding=\"async\" width=\"1030\" height=\"682\" src=\"https:\/\/torrefuerte.edu.py\/wp-content\/uploads\/2024\/05\/1-fotor-20240506151831-1030x682.jpg\" alt=\"\" class=\"wp-image-430\" style=\"width:666px;height:auto\" srcset=\"https:\/\/torrefuerte.edu.py\/wp-content\/uploads\/2024\/05\/1-fotor-20240506151831-1030x682.jpg 1030w, https:\/\/torrefuerte.edu.py\/wp-content\/uploads\/2024\/05\/1-fotor-20240506151831-300x199.jpg 300w, https:\/\/torrefuerte.edu.py\/wp-content\/uploads\/2024\/05\/1-fotor-20240506151831-768x509.jpg 768w, https:\/\/torrefuerte.edu.py\/wp-content\/uploads\/2024\/05\/1-fotor-20240506151831-1536x1017.jpg 1536w, https:\/\/torrefuerte.edu.py\/wp-content\/uploads\/2024\/05\/1-fotor-20240506151831-2048x1356.jpg 2048w, https:\/\/torrefuerte.edu.py\/wp-content\/uploads\/2024\/05\/1-fotor-20240506151831-1500x993.jpg 1500w, https:\/\/torrefuerte.edu.py\/wp-content\/uploads\/2024\/05\/1-fotor-20240506151831-705x467.jpg 705w\" sizes=\"auto, (max-width: 1030px) 100vw, 1030px\" \/><\/figure>\n<\/div>","protected":false},"excerpt":{"rendered":"<p>Recientemente se llev\u00f3 a cabo la prueba de validaci\u00f3n de la Olimpiada Kanguro, ocasi\u00f3n en que el colegio Torrefuerte tuvo a sus representantes. Ellos fueron: Categor\u00eda Escolar &#8211; Mateo Benjam\u00edn Menc\u00eda Dom\u00ednguez &#8211; Felipe Joaqu\u00edn Genes Vallejos &#8211; Felippe Henrique Savietto &#8211; M\u00e1ximo Javier Mart\u00ednez B\u00e1ez &#8211; Juan Mateo Oxilia Vega &#8211; Francesco Valenzano Bejarano [&hellip;]<\/p>\n","protected":false},"author":1,"featured_media":430,"comment_status":"closed","ping_status":"open","sticky":false,"template":"","format":"standard","meta":{"footnotes":""},"categories":[1],"tags":[],"class_list":["post-426","post","type-post","status-publish","format-standard","has-post-thumbnail","hentry","category-sin-categoria"],"_links":{"self":[{"href":"https:\/\/torrefuerte.edu.py\/index.php\/wp-json\/wp\/v2\/posts\/426","targetHints":{"allow":["GET"]}}],"collection":[{"href":"https:\/\/torrefuerte.edu.py\/index.php\/wp-json\/wp\/v2\/posts"}],"about":[{"href":"https:\/\/torrefuerte.edu.py\/index.php\/wp-json\/wp\/v2\/types\/post"}],"author":[{"embeddable":true,"href":"https:\/\/torrefuerte.edu.py\/index.php\/wp-json\/wp\/v2\/users\/1"}],"replies":[{"embeddable":true,"href":"https:\/\/torrefuerte.edu.py\/index.php\/wp-json\/wp\/v2\/comments?post=426"}],"version-history":[{"count":2,"href":"https:\/\/torrefuerte.edu.py\/index.php\/wp-json\/wp\/v2\/posts\/426\/revisions"}],"predecessor-version":[{"id":431,"href":"https:\/\/torrefuerte.edu.py\/index.php\/wp-json\/wp\/v2\/posts\/426\/revisions\/431"}],"wp:featuredmedia":[{"embeddable":true,"href":"https:\/\/torrefuerte.edu.py\/index.php\/wp-json\/wp\/v2\/media\/430"}],"wp:attachment":[{"href":"https:\/\/torrefuerte.edu.py\/index.php\/wp-json\/wp\/v2\/media?parent=426"}],"wp:term":[{"taxonomy":"category","embeddable":true,"href":"https:\/\/torrefuerte.edu.py\/index.php\/wp-json\/wp\/v2\/categories?post=426"},{"taxonomy":"post_tag","embeddable":true,"href":"https:\/\/torrefuerte.edu.py\/index.php\/wp-json\/wp\/v2\/tags?post=426"}],"curies":[{"name":"wp","href":"https:\/\/api.w.org\/{rel}","templated":true}]}}