{"id":318,"date":"2023-11-24T18:33:02","date_gmt":"2023-11-24T17:33:02","guid":{"rendered":"https:\/\/torrefuerte.edu.py\/?p=318"},"modified":"2023-11-24T19:35:31","modified_gmt":"2023-11-24T18:35:31","slug":"alumno-destacado","status":"publish","type":"post","link":"https:\/\/torrefuerte.edu.py\/index.php\/2023\/11\/24\/alumno-destacado\/","title":{"rendered":"Alumno destacado"},"content":{"rendered":"\n<p><\/p>\n\n\n\n<p>Fernando Daniel L\u00f3pez Bobadilla, alumno del 9no grado, de nuestro Colegio, fue uno de los 4 j\u00f3venes que representaron al Paraguay en la Olimpiada de Matem\u00e1ticas del Cono Sur, en Buenos Aires, Argentina. Fue la edici\u00f3n n\u00famero 34 de esta tradicional competencia que re\u00fane a alumnos de todo el continente.<\/p>\n\n\n\n<p>En el caso de Fernando, obtuvo una menci\u00f3n de honor por su participaci\u00f3n. Tanto \u00e9l, como los dem\u00e1s integrantes del equipo nacional, son estudiantes del Programa J\u00f3venes Talentos de OMAPA, quienes fueron convocados luego de un arduo proceso de selecci\u00f3n.<\/p>\n\n\n\n<p>No es la primera vez que Fernando obtiene un galard\u00f3n internacional, en el a\u00f1o 2021 obtuvo una medalla de bronce. \u00a1Un orgullo para la instituci\u00f3n y el pa\u00eds!<\/p>\n\n\n<div class=\"wp-block-image\">\n<figure class=\"aligncenter size-full is-resized\"><img loading=\"lazy\" decoding=\"async\" width=\"1920\" height=\"2560\" src=\"https:\/\/torrefuerte.edu.py\/wp-content\/uploads\/2023\/11\/23-scaled.jpg\" alt=\"\" class=\"wp-image-322\" style=\"width:391px;height:auto\" srcset=\"https:\/\/torrefuerte.edu.py\/wp-content\/uploads\/2023\/11\/23-scaled.jpg 1920w, https:\/\/torrefuerte.edu.py\/wp-content\/uploads\/2023\/11\/23-225x300.jpg 225w, https:\/\/torrefuerte.edu.py\/wp-content\/uploads\/2023\/11\/23-773x1030.jpg 773w, https:\/\/torrefuerte.edu.py\/wp-content\/uploads\/2023\/11\/23-768x1024.jpg 768w, https:\/\/torrefuerte.edu.py\/wp-content\/uploads\/2023\/11\/23-1152x1536.jpg 1152w, https:\/\/torrefuerte.edu.py\/wp-content\/uploads\/2023\/11\/23-1536x2048.jpg 1536w, https:\/\/torrefuerte.edu.py\/wp-content\/uploads\/2023\/11\/23-1125x1500.jpg 1125w, https:\/\/torrefuerte.edu.py\/wp-content\/uploads\/2023\/11\/23-529x705.jpg 529w\" sizes=\"auto, (max-width: 1920px) 100vw, 1920px\" \/><\/figure>\n<\/div>","protected":false},"excerpt":{"rendered":"<p>Fernando Daniel L\u00f3pez Bobadilla, alumno del 9no grado, de nuestro Colegio, fue uno de los 4 j\u00f3venes que representaron al Paraguay en la Olimpiada de Matem\u00e1ticas del Cono Sur, en Buenos Aires, Argentina. Fue la edici\u00f3n n\u00famero 34 de esta tradicional competencia que re\u00fane a alumnos de todo el continente. En el caso de Fernando, [&hellip;]<\/p>\n","protected":false},"author":1,"featured_media":327,"comment_status":"closed","ping_status":"open","sticky":false,"template":"","format":"standard","meta":{"footnotes":""},"categories":[1],"tags":[],"class_list":["post-318","post","type-post","status-publish","format-standard","has-post-thumbnail","hentry","category-sin-categoria"],"_links":{"self":[{"href":"https:\/\/torrefuerte.edu.py\/index.php\/wp-json\/wp\/v2\/posts\/318","targetHints":{"allow":["GET"]}}],"collection":[{"href":"https:\/\/torrefuerte.edu.py\/index.php\/wp-json\/wp\/v2\/posts"}],"about":[{"href":"https:\/\/torrefuerte.edu.py\/index.php\/wp-json\/wp\/v2\/types\/post"}],"author":[{"embeddable":true,"href":"https:\/\/torrefuerte.edu.py\/index.php\/wp-json\/wp\/v2\/users\/1"}],"replies":[{"embeddable":true,"href":"https:\/\/torrefuerte.edu.py\/index.php\/wp-json\/wp\/v2\/comments?post=318"}],"version-history":[{"count":3,"href":"https:\/\/torrefuerte.edu.py\/index.php\/wp-json\/wp\/v2\/posts\/318\/revisions"}],"predecessor-version":[{"id":329,"href":"https:\/\/torrefuerte.edu.py\/index.php\/wp-json\/wp\/v2\/posts\/318\/revisions\/329"}],"wp:featuredmedia":[{"embeddable":true,"href":"https:\/\/torrefuerte.edu.py\/index.php\/wp-json\/wp\/v2\/media\/327"}],"wp:attachment":[{"href":"https:\/\/torrefuerte.edu.py\/index.php\/wp-json\/wp\/v2\/media?parent=318"}],"wp:term":[{"taxonomy":"category","embeddable":true,"href":"https:\/\/torrefuerte.edu.py\/index.php\/wp-json\/wp\/v2\/categories?post=318"},{"taxonomy":"post_tag","embeddable":true,"href":"https:\/\/torrefuerte.edu.py\/index.php\/wp-json\/wp\/v2\/tags?post=318"}],"curies":[{"name":"wp","href":"https:\/\/api.w.org\/{rel}","templated":true}]}}